{"id":3931,"date":"2025-10-18T13:53:31","date_gmt":"2025-10-18T13:53:31","guid":{"rendered":"https:\/\/icalugo.org\/?p=3931"},"modified":"2025-12-01T11:18:49","modified_gmt":"2025-12-01T11:18:49","slug":"el-parlamento-europeo-exhorta-al-gobiernoespanol-a-que-encuentre-soluciones-para-losmutualistas-que-se-ajusten-a-las-leyes-de-la-ue","status":"publish","type":"post","link":"https:\/\/icalugo.org\/es\/el-parlamento-europeo-exhorta-al-gobiernoespanol-a-que-encuentre-soluciones-para-losmutualistas-que-se-ajusten-a-las-leyes-de-la-ue\/","title":{"rendered":"El Parlamento Europeo exhorta al Gobierno espa\u00f1ol a que encuentre soluciones para los mutualistas que se ajusten a las leyes de la UE"},"content":{"rendered":"\n<p>La Comisi\u00f3n de Peticiones de la Euroc\u00e1mara constata que Espa\u00f1a desaprovech\u00f3 la reciente reforma del sistema de pensiones vinculada al Plan de Recuperaci\u00f3n para abordar este problema<\/p>\n\n\n\n<p>El Consejo General de la Abogac\u00eda reclamar\u00e1 que los eurodiputados complementen su an\u00e1lisis sobre cuestiones como la discriminaci\u00f3n de los mutualistas en el Plan de Recuperaci\u00f3n espa\u00f1ol 8-10-2025. La Comisi\u00f3n de Peticiones del Parlamento Europeo ha pedido al Gobierno espa\u00f1ol que prosiga los trabajos orientados a ofrecer a los mutualistas alternativos una soluci\u00f3n acorde con la legislaci\u00f3n y las pol\u00edticas<br>de la Uni\u00f3n Europea. As\u00ed se lo ha comunicado la Euroc\u00e1mara al presidente del Consejo General de la Abogac\u00eda Espa\u00f1ola, Salvador Gonz\u00e1lez, en una carta remitida por la propia Comisi\u00f3n de Peticiones.<br>\u201cLa Comisi\u00f3n exhorta a proseguir con un di\u00e1logo constructivo orientado a soluciones que se ajusten plenamente a la legislaci\u00f3n, las pol\u00edticas y las recomendaciones de la Uni\u00f3n Europea\u201d, concluye el escrito, que es la primera comunicaci\u00f3n oficial de la Comisi\u00f3n de Peticiones desde que Gonz\u00e1lez compareciera en la sede del Parlamento en Bruselas el pasado mes de julio.<br>Asimismo, la Comisi\u00f3n de Peticiones ha constatado en sus averiguaciones que la complicada situaci\u00f3n de los mutualistas alternativos en Espa\u00f1a se dej\u00f3 al margen de la reciente reforma de las pensiones vinculada al Plan de Recuperaci\u00f3n, Transformaci\u00f3n y Resiliencia (PRTR).<br>\u201cLa situaci\u00f3n espec\u00edfica de los miembros de mutuas alternativas no est\u00e1 directamente cubierta por el PRTR. No obstante, el objetivo general de las reformas es garantizar que los trabajadores, independientemente de su trayectoria profesional, puedan acceder a un sistema de pensiones justo y adecuado a largo plazo\u201d, afirma la Comisi\u00f3n en su escrito dirigido a la Abogac\u00eda Espa\u00f1ola. Es decir, que la reforma se orient\u00f3 a evitar que estas situaciones pudieran repetirse en el futuro, pero no aport\u00f3 soluciones a los problemas que ya son una realidad en el presente.<br>La Abogac\u00eda Espa\u00f1ola present\u00f3 su petici\u00f3n ante el Parlamento Europeo en noviembre de 2024 y mantuvo reuniones con eurodiputados de diferentes formaciones pol\u00edticas.<br>La Abogac\u00eda Espa\u00f1ola entiende que es el Estado el responsable \u00faltimo de garantizar pensiones dignas a quienes, como es el caso de los abogados y abogadas, han cotizado durante d\u00e9cadas a trav\u00e9s de mutualidades alternativas amparadas y controladas por la Seguridad Social.<br>En su respuesta a la Comisi\u00f3n de Peticiones, el Consejo tiene previsto solicitar a los miembros de este destacado \u00f3rgano del Parlamento Europeo que estudien m\u00e1s a fondo la discriminaci\u00f3n de los mutualistas en el Plan de Recuperaci\u00f3n, Transformaci\u00f3n y Resiliencia espa\u00f1ol, los problemas transfronterizos, as\u00ed como la discriminaci\u00f3n por cuesti\u00f3n de g\u00e9nero. <\/p>\n\n\n\n<p><br>Para m\u00e1s informaci\u00f3n Dpto. de Comunicaci\u00f3n del Consejo General de la Abogac\u00eda Espa\u00f1ola<br>Paseo de Recoletos n\u00ba 7-9<br>Tfno. 91 532 17 69<br>prensa@abogacia.es<\/p>\n","protected":false},"excerpt":{"rendered":"<p>La Comisi\u00f3n de Peticiones de la Euroc\u00e1mara constata que Espa\u00f1a desaprovech\u00f3 la reciente reforma del sistema de pensiones vinculada al Plan de Recuperaci\u00f3n para abordar este problema El Consejo General de la Abogac\u00eda reclamar\u00e1 que los eurodiputados complementen su an\u00e1lisis sobre cuestiones como la discriminaci\u00f3n de los mutualistas en el Plan de Recuperaci\u00f3n espa\u00f1ol 8-10-2025. [&hellip;]<\/p>\n","protected":false},"author":5,"featured_media":1904,"comment_status":"closed","ping_status":"open","sticky":false,"template":"","format":"standard","meta":{"footnotes":""},"categories":[13],"tags":[],"class_list":["post-3931","post","type-post","status-publish","format-standard","has-post-thumbnail","hentry","category-noticias"],"_links":{"self":[{"href":"https:\/\/icalugo.org\/es\/wp-json\/wp\/v2\/posts\/3931","targetHints":{"allow":["GET"]}}],"collection":[{"href":"https:\/\/icalugo.org\/es\/wp-json\/wp\/v2\/posts"}],"about":[{"href":"https:\/\/icalugo.org\/es\/wp-json\/wp\/v2\/types\/post"}],"author":[{"embeddable":true,"href":"https:\/\/icalugo.org\/es\/wp-json\/wp\/v2\/users\/5"}],"replies":[{"embeddable":true,"href":"https:\/\/icalugo.org\/es\/wp-json\/wp\/v2\/comments?post=3931"}],"version-history":[{"count":3,"href":"https:\/\/icalugo.org\/es\/wp-json\/wp\/v2\/posts\/3931\/revisions"}],"predecessor-version":[{"id":4795,"href":"https:\/\/icalugo.org\/es\/wp-json\/wp\/v2\/posts\/3931\/revisions\/4795"}],"wp:featuredmedia":[{"embeddable":true,"href":"https:\/\/icalugo.org\/es\/wp-json\/wp\/v2\/media\/1904"}],"wp:attachment":[{"href":"https:\/\/icalugo.org\/es\/wp-json\/wp\/v2\/media?parent=3931"}],"wp:term":[{"taxonomy":"category","embeddable":true,"href":"https:\/\/icalugo.org\/es\/wp-json\/wp\/v2\/categories?post=3931"},{"taxonomy":"post_tag","embeddable":true,"href":"https:\/\/icalugo.org\/es\/wp-json\/wp\/v2\/tags?post=3931"}],"curies":[{"name":"wp","href":"https:\/\/api.w.org\/{rel}","templated":true}]}}